{"id":201,"date":"2021-09-01T08:27:10","date_gmt":"2021-09-01T08:27:10","guid":{"rendered":"http:\/\/onurcaymaz.com\/?p=201"},"modified":"2021-09-01T08:29:53","modified_gmt":"2021-09-01T08:29:53","slug":"gecip-giden-yaza-ovgu","status":"publish","type":"post","link":"https:\/\/onurcaymaz.com\/index.php\/2021\/09\/01\/gecip-giden-yaza-ovgu\/","title":{"rendered":"Ge\u00e7ip Giden Yaza \u00d6vg\u00fc"},"content":{"rendered":"\n<p>yaz bitti sevgilim<br>anneler g\u00fczelli\u011fini hat\u0131rlar<br>babalar d\u00fc\u015ft\u00fckleri yeri \u00e7ocuklar\u0131n<br>sende mavi pencere bende k\u0131rm\u0131z\u0131 kap\u0131<br>ne yapal\u0131m b\u00f6yle, gitti<br><br>\u00e7ar\u015f\u0131da askerler, \u00e7orbac\u0131lar ferah<br>perdede titre\u015fen acemi \u015fark\u0131<br>al\u0131ngan vapurlarla yald\u0131zdan kas\u0131mpat\u0131<br>kelimeler bile bitti, s\u00f6ylenmemi\u015fti<br><br>sular\u0131n genci bitti, k\u0131rdaki t\u00fcrk\u00fc<br>edebiyat \u00f6\u011fretmenimin a\u015fk mektuplar\u0131<br>kedilere cazd\u0131, bal\u0131k\u00e7\u0131da yelkovan<br>denemi\u015f, bitmez diye d\u00fc\u015f\u00fcnm\u00fc\u015ft\u00fck<br>\u00f6yle mahzun bak\u0131yordu, bitti<br><br>bitecekti tabii, ba\u015flam\u0131\u015ft\u0131 \u00e7\u00fcnk\u00fc<br>bir kez olsun gidemedik adaya<br>kahvelerde gazoz, f\u0131skiye ve g\u00fcz<br>trende ter kokusuyla inceldi ikindi<br>k\u0131\u015f g\u00fcne\u015fi, yak\u0131narak yak\u0131yor \u015fimdi<br><br>yaz yang\u0131nd\u0131 i\u015fte, a\u015fktan da yak\u0131n<br>ortancalar derleyen kel kom\u015fu<br>ge\u00e7en yaz kar\u0131s\u0131 \u00f6lm\u00fc\u015ft\u00fc<br>kendince herkesin derdi vard\u0131<br>ge\u00e7erek g\u00f6zlerinden bitti<br>sokaklarda kalm\u0131\u015f koltuklar gibi<br><br>kadifesini, y\u0131ld\u0131z\u0131n\u0131 da ald\u0131 giderken<br>yal\u0131nayak, \u00fczerinde bayram g\u00f6mle\u011fi<br>g\u00fclerek konu\u015fuyordu temmuzken daha<br>ayazmay\u0131, deli r\u00fczg\u00e2r\u0131 al\u0131p \u00e7ekildi<br>ben de var\u0131m diye s\u00f6ylendi k\u0131y\u0131ya!<br><br>omzundaki tuz \u00e7izi\u011fiydi yaz, bitti<br>okulun ilk g\u00fcn\u00fcn\u00fc bekleyen ceket<br>kesik kurdeleden film \u015feridi<br>imzas\u0131z kartpostal, fakat renkliydi<br><br>bitti sevgilim, bu kadard\u0131, k\u0131sac\u0131k<br>k\u0131\u015f \u015fimdi, al\u0131\u015fmak i\u00e7in mevsime<br>t\u00fct\u00fcn kolonyal\u0131 otogar kalabal\u0131\u011f\u0131<br>bir t\u00fcrk\u00fcyd\u00fc k\u0131rm\u0131z\u0131 bu\u011fday<br>al\u0131\u015fmak i\u00e7in her \u015feyi g\u00f6ren da\u011flar<br>da\u011flar, da\u011flardan y\u00fcce<br><br>bitti, ba\u015flayan her \u015fey gibi<br>bendim dudaklar\u0131na f\u0131s\u0131ldayan Elitis\u2019i:<br>\u201con \u00fc\u00e7 ya\u015f\u0131ndaki k\u00fc\u00e7\u00fck ye\u015fil deniz\u2026\u201d<br>so\u011fuk birayd\u0131, tahta masa ve inciydi<br>\u00e7ocuk di\u015fleriydi yaz, incelip gitti<br><br>\u00e7ok sevdi\u011fini s\u00f6yl\u00fcyordu, tela\u015fl\u0131<br>uzaklardan iyi haber gelmedi<br>o \u015fiirde yine \u00f6ld\u00fcrd\u00fcler \u00e7ocuklar\u0131<br>\u00fcstelik buna da \u00e7ocuk hayaletleri girdi<br>b\u00f6ylece bitti<br><br>iyi bakarsan baz\u0131 seslerde u\u00e7an mart\u0131<br>G\u00f6ksu\u2019ya inen ceylan sessizliklerde<br>\u00fc\u00e7 be\u015f sat\u0131r se\u00e7mi\u015ftim Refik Halit\u2019ten<br>b\u00fcy\u00fck sarraf, koyu terazi, s\u00fcrg\u00fcndeydi<br><br>g\u00fczelim turuncu yeti\u015firken ak\u015fama<br>bitkin tende solan kay\u0131s\u0131 g\u00fcl\u00fc<br>insanlar\u0131 ellerinden tan\u0131y\u0131p seven<br>tikli bir gi\u015fe memuru<br><br>giderken kalan son bak\u0131\u015f<br>insan\u0131n i\u00e7inin s\u0131zlad\u0131\u011f\u0131 yere<br>kahve fal\u0131ym\u0131\u015f eski yaz\u0131<br><br>derken tende gidip gelen i\u011fne<br>a\u015fk\u0131 boyuna teyelleyen terzi<br>derken yaz bitti can\u0131m efendim<br>sonsuz bir kitap gibi okuyaca\u011f\u0131m<br>y\u00fcz\u00fcmde eklenen sat\u0131r \u00e7izgileri<br><br>anneler d\u00fc\u015ft\u00fc\u011f\u00fcn\u00fc hat\u0131rlar babalar\u0131n<br>\u00e7ocuklar g\u00fczelli\u011fini\u2026<\/p>\n\n\n\n<p>Bu \u015fiir,\u00a0<a rel=\"noreferrer noopener\" href=\"https:\/\/www.odakitap.com\/dunya-evi-kitabi-onur-caymaz\" target=\"_blank\">D\u00fcnya Evi<\/a>\u2018nde bulunuyor.<\/p>\n\n\n\n<p>Foto\u011fraf. Vsevolod Tarasevich (1960&#8217;s)<\/p>\n","protected":false},"excerpt":{"rendered":"<p>yaz bitti sevgilimanneler g\u00fczelli\u011fini hat\u0131rlarbabalar d\u00fc\u015ft\u00fckleri yeri \u00e7ocuklar\u0131nsende mavi pencere bende k\u0131rm\u0131z\u0131 kap\u0131ne yapal\u0131m b\u00f6yle, gitti \u00e7ar\u015f\u0131da askerler, \u00e7orbac\u0131lar ferahperdede titre\u015fen acemi \u015fark\u0131al\u0131ngan vapurlarla yald\u0131zdan [&hellip;]<\/p>\n","protected":false},"author":2929,"featured_media":203,"comment_status":"open","ping_status":"closed","sticky":false,"template":"","format":"standard","meta":{"footnotes":""},"categories":[3],"tags":[],"class_list":["post-201","post","type-post","status-publish","format-standard","has-post-thumbnail","hentry","category-siir"],"_links":{"self":[{"href":"https:\/\/onurcaymaz.com\/index.php\/wp-json\/wp\/v2\/posts\/201","targetHints":{"allow":["GET"]}}],"collection":[{"href":"https:\/\/onurcaymaz.com\/index.php\/wp-json\/wp\/v2\/posts"}],"about":[{"href":"https:\/\/onurcaymaz.com\/index.php\/wp-json\/wp\/v2\/types\/post"}],"author":[{"embeddable":true,"href":"https:\/\/onurcaymaz.com\/index.php\/wp-json\/wp\/v2\/users\/2929"}],"replies":[{"embeddable":true,"href":"https:\/\/onurcaymaz.com\/index.php\/wp-json\/wp\/v2\/comments?post=201"}],"version-history":[{"count":3,"href":"https:\/\/onurcaymaz.com\/index.php\/wp-json\/wp\/v2\/posts\/201\/revisions"}],"predecessor-version":[{"id":205,"href":"https:\/\/onurcaymaz.com\/index.php\/wp-json\/wp\/v2\/posts\/201\/revisions\/205"}],"wp:featuredmedia":[{"embeddable":true,"href":"https:\/\/onurcaymaz.com\/index.php\/wp-json\/wp\/v2\/media\/203"}],"wp:attachment":[{"href":"https:\/\/onurcaymaz.com\/index.php\/wp-json\/wp\/v2\/media?parent=201"}],"wp:term":[{"taxonomy":"category","embeddable":true,"href":"https:\/\/onurcaymaz.com\/index.php\/wp-json\/wp\/v2\/categories?post=201"},{"taxonomy":"post_tag","embeddable":true,"href":"https:\/\/onurcaymaz.com\/index.php\/wp-json\/wp\/v2\/tags?post=201"}],"curies":[{"name":"wp","href":"https:\/\/api.w.org\/{rel}","templated":true}]}}