{"id":251,"date":"2022-07-25T06:01:54","date_gmt":"2022-07-25T06:01:54","guid":{"rendered":"https:\/\/onurcaymaz.com\/?p=251"},"modified":"2022-07-25T06:13:47","modified_gmt":"2022-07-25T06:13:47","slug":"mahal-dergi-roportaj","status":"publish","type":"post","link":"https:\/\/onurcaymaz.com\/index.php\/2022\/07\/25\/mahal-dergi-roportaj\/","title":{"rendered":"Mahal Dergi, r\u00f6portaj"},"content":{"rendered":"\n<p><\/p>\n\n\n\n<p><strong>\u015eairlik ile ba\u015flay\u0131p \u00f6yk\u00fcye avu\u00e7 a\u00e7t\u0131n\u0131z, sonras\u0131 i\u00e7in ne dersiniz?<\/strong><\/p>\n\n\n\n<p>Avu\u00e7 a\u00e7mak do\u011fru bir deyim de\u011fil. Hayat\u0131mda kimseye avu\u00e7 a\u00e7mad\u0131m. Hele bir edebi t\u00fcre avu\u00e7 a\u00e7mak akl\u0131ma bile gelmedi. Edebiyat \u00f6yle yalvararak yap\u0131lan bir \u015fey de\u011fil. Bir bakm\u0131\u015fs\u0131n ki ka\u011f\u0131d\u0131n ba\u015f\u0131na s\u00fcr\u00fckleniyorsun, masadas\u0131n\u2026 Elin y\u00fcz\u00fcn kan ter i\u00e7inde yap\u0131lan bir i\u015f bu. Zaten bir etkiyle k\u00e2\u011f\u0131da g\u00f6m\u00fclmeyen yazar, has yazar de\u011fildir.<\/p>\n\n\n\n<p>T\u00fcrler ara\u00e7t\u0131r. Elinizdeki malzeme size kendisini nerede kullanaca\u011f\u0131n\u0131z\u0131 s\u00f6yler. T\u00fcrk edebiyat\u0131m\u0131zda \u201c\u015fununla ba\u015flay\u0131p bununla devam etmek\u201d gibi, y\u00fcz y\u0131ll\u0131k bir kli\u015fe var. Bu, \u00f6yk\u00fc yazd\u0131ktan sonra roman yazan ki\u015filere de \u00e7ok y\u00f6neltilir, romana ge\u00e7ti denir. Ne demekse o. Sanki roman, \u00f6yk\u00fcn\u00fcn bir devam\u0131ym\u0131\u015f gibi. Oysa bu bir yoldur. Yolun \u00fczerinde \u00e7e\u015fitli duraklard\u0131r t\u00fcrler. Bazen birine, bazen di\u011ferine u\u011frars\u0131n. Kimse kimseye avu\u00e7 a\u00e7maz. El ele tutu\u015fur, bir s\u00fcre devam eder, sonra \u00f6tekine u\u011frars\u0131n. Onlar hanc\u0131d\u0131r. \u015eiir yazd\u0131m, roman, \u00f6yk\u00fc, deneme yazd\u0131m. \u015eimdi bir roman daha yaz\u0131yorum. Yoldur dedim ya, yol insan\u0131 nereye g\u00f6t\u00fcr\u00fcrse diyelim. S\u0131rada bir \u015fiir kitab\u0131 bekliyor. \u0130ki deneme projesi var. Yolu sevmek gerekir, t\u00fcr\u00fc de\u011fil.<\/p>\n\n\n\n<figure class=\"wp-block-image size-large is-resized\"><img loading=\"lazy\" decoding=\"async\" src=\"https:\/\/onurcaymaz.com\/wp-content\/uploads\/2022\/07\/deatan-say-kapak-1024x706.jpg\" alt=\"\" class=\"wp-image-252\" width=\"467\" height=\"321\" srcset=\"https:\/\/onurcaymaz.com\/wp-content\/uploads\/2022\/07\/deatan-say-kapak-1024x706.jpg 1024w, https:\/\/onurcaymaz.com\/wp-content\/uploads\/2022\/07\/deatan-say-kapak-300x207.jpg 300w, https:\/\/onurcaymaz.com\/wp-content\/uploads\/2022\/07\/deatan-say-kapak-768x529.jpg 768w, https:\/\/onurcaymaz.com\/wp-content\/uploads\/2022\/07\/deatan-say-kapak-1536x1059.jpg 1536w, https:\/\/onurcaymaz.com\/wp-content\/uploads\/2022\/07\/deatan-say-kapak-2048x1412.jpg 2048w\" sizes=\"auto, (max-width: 467px) 100vw, 467px\" \/><\/figure>\n\n\n\n<p><strong>Z ku\u015fa\u011f\u0131n\u0131n okur yazarl\u0131\u011f\u0131 \u00fczerine birka\u00e7 kelam istesek, ne dersiniz? &nbsp;Son d\u00f6nemin yazarl\u0131\u011f\u0131 -T\u00fcrk Edebiyat\u0131 \u00f6zellikle -peki ?<\/strong><\/p>\n\n\n\n<p>Her d\u00f6nemde iyi okurlar da olacak, k\u00f6t\u00fc okurlar da&#8230; Bu tarz genellemeler zor i\u015flerdir. Yanl\u0131\u015f \u015feyler s\u00f6ylemek olas\u0131d\u0131r. Ama belirlemeyi \u015f\u00f6yle koyabiliriz: \u00d6rne\u011fin sadece \u0130\u00e7imizdeki \u015eeytan\u2019\u0131 okuyup Ruh Adam\u2019dan hi\u00e7 haberi olmam\u0131\u015f okur k\u00f6t\u00fc okurdur. Yazar diye Bukowski\u2019yi bellemi\u015f ama William Burroughs\u2019u duymam\u0131\u015f okur, i\u015fe yaramaz. Sadece Ahmet \u00dcmit ve Livaneli romanlar\u0131n\u0131 roman diye de\u011ferlendiren okur, \u00fczg\u00fcn\u00fcm ama ortalamad\u0131r. Bunlar k\u00f6t\u00fc diye demiyorum. Ama okurluk da yazarl\u0131k kadar yetenek isteyen bir \u015feydir. Okuyaca\u011f\u0131n kitaplar\u0131 H\u00fcrriyet kitap ekinin j\u00fcrisinin arkada\u015f listelerinden se\u00e7iyorsan, orada sorun vard\u0131r.<\/p>\n\n\n\n<figure class=\"wp-block-image alignleft size-full\"><img loading=\"lazy\" decoding=\"async\" width=\"279\" height=\"181\" src=\"https:\/\/onurcaymaz.com\/wp-content\/uploads\/2022\/07\/br.jpeg\" alt=\"\" class=\"wp-image-253\"\/><\/figure>\n\n\n\n<p>Son d\u00f6nemin yazarl\u0131\u011f\u0131n\u0131 iki c\u00fcmleyle \u00f6zetleyebiliriz. \u0130ki milyon \u00e7ocuk i\u015f\u00e7imiz vard\u0131r, bir ki\u015fi de \u00e7\u0131k\u0131p yazmaya tenezz\u00fcl etmez. \u0130ki milyona bir Orhan Kemal d\u00fc\u015fmez bug\u00fcn; herkes k\u00fc\u00e7\u00fck Borges, mini minno\u015f Cortazar\u2019d\u0131r! Hen\u00fcz 15 Temmuz\u2019un do\u011fru d\u00fcr\u00fcst bir roman\u0131 bile yaz\u0131lmad\u0131. T\u00fcrkiye\u2019de yazarlar\u0131n belli bir k\u0131sm\u0131 Norve\u00e7liymi\u015f gibi davran\u0131yor. Koca pandemi d\u00f6neminde bir s\u00fcr\u00fc m\u00fczisyen intihar etti, birinin \u00f6yk\u00fcs\u00fcn\u00fc g\u00f6rmedim, bir s\u00fcr\u00fc kargocu \u00f6ld\u00fc, yok ortada edebiyat\u0131m\u0131z. Edebiyat ka\u00e7\u0131yor. Ey eski camek\u00e2n ey diri \u00e7i\u00e7ek, diyordu Turgut Uyar, \u201cbiz olmasak \u015funlara bunlara kim s\u00f6vecek\u201d, \u015fehit aileleri bile lay\u0131k\u0131nca giremedi hen\u00fcz her \u015feyin girebildi\u011fi edebiyat\u0131m\u0131za. Otuz y\u0131l s\u00fcren sava\u015fta akan bunca kan\u0131n bile hakk\u0131yla yaz\u0131ld\u0131\u011f\u0131n\u0131 g\u00f6remedik. Yakup Kadri ile Halide Edip, cephedeki \u00e7ad\u0131rlar\u0131ndan yaz\u0131yordu. Neyse\u2026 Kald\u0131 ki ben T\u00fcrk edebiyat\u0131n\u0131n nicedir T\u00fcrk oldu\u011funu bile d\u00fc\u015f\u00fcnm\u00fcyorum. Zaten ad\u0131n\u0131 da T\u00fcrk\u00e7e Edebiyat, Yerli Edebiyat \u015feklinde de\u011fi\u015ftirmeye kalk\u0131yorlar bug\u00fcn. Ba\u015farabilirler mi! En fazla att\u0131klar\u0131 Tweet\u2019leri silerler. \u00d6tesi \u00e7ok zordur. \u00d6yle b\u00fcy\u00fck bir miras\u0131m\u0131z var ki bir g\u00fcn hakk\u0131n\u0131 verece\u011fiz.<\/p>\n\n\n\n<p><strong>Onur Caymaz kimdir , \u00f6ncesi sonras\u0131 gelece\u011fi hakk\u0131nda bize ne dersiniz ?<\/strong><\/p>\n\n\n\n<p>Bilmem kimdir. Turgut Uyar\u2019\u0131n o diri \u00e7i\u00e7e\u011fi olmak isterdim belki, \u201ctatil bitti, g\u00fczel has\u0131r \u015fapkam\u0131 bir b\u0131\u00e7akla de\u011fi\u015ftim \/ suyumuzu kestiler i\u015fte ama masamda o diri \u00e7i\u00e7ek\u201d dedi\u011fi \u015fiirdeki \u00e7i\u00e7ek. Olamad\u0131m tabii, o ayr\u0131. \u00d6ncem, sonram, gelece\u011fim\u2026 Bunlar hakk\u0131nda sanayiciler, ekonomistler, CEO\u2019lar do\u011fru ve stratejik \u015feyler s\u00f6yleyebilir, analiz onlar\u0131nd\u0131r; ben \u015fairim, diri \u00e7i\u00e7ek, nas\u0131l s\u00f6ylerim\u2026<\/p>\n\n\n\n<p><strong>C\u00fcmleleri kalbimde yara a\u00e7t\u0131 , hikayeleri beynimi yoklad\u0131 dedi\u011finiz yazarlar kimlerdir ve siz bu yazarlardan nas\u0131l etkilendiniz ya da etkilendiniz mi ? Ne dersiniz ?<\/strong><\/p>\n\n\n\n<p>Etkilenmeyen insandan yazar olur mu? Benim sevdi\u011fim o kadar \u00e7ok yazar var ki birini s\u00f6ylesem di\u011ferine zarar. Az evvel and\u0131\u011f\u0131m b\u00fcy\u00fck edebiyat\u0131m\u0131z\u0131n miras\u0131, sonra d\u00fcnya edebiyat\u0131n\u0131n ustalar\u0131\u2026 \u00c7ok yani!<\/p>\n\n\n\n<p><strong>Dijital d\u00fcnya ile ger\u00e7eklik aras\u0131ndaki alg\u0131n\u0131z nas\u0131l, s\u00fcrekli ret yiyen amat\u00f6r yazarlara ne dersiniz ?<\/strong><\/p>\n\n\n\n<p>Ger\u00e7ek ne bilmiyorum ama ger\u00e7ek dedikleri d\u00fcnyada da bir arazim, mal\u0131m m\u00fclk\u00fcm olmad\u0131, metaverse zemininde de olmayacak. Soka\u011fa, \u00e7ar\u015f\u0131lar\u0131n damarlar\u0131na ak\u0131p dolanmay\u0131 her zaman daha \u00e7ok \u00f6nemsedim. Hayat\u0131 Twitter\u2019daki like sanan \u00e7ok fazla insan var. \u00c7oruh Nehri\u2019nin k\u0131y\u0131s\u0131ndaki bakkal Muhittin\u2019in g\u00fcndemi ba\u015fka oysa.<\/p>\n\n\n\n<p>Edit\u00f6rlerin, yazd\u0131klar\u0131n\u0131 kabul etmedi\u011fi arkada\u015flara \u00f6nce kendilerinin edit\u00f6r\u00fc olmalar\u0131n\u0131, sonra da yazd\u0131klar\u0131n\u0131 kabul etmeyen edit\u00f6rlerin edit\u00f6rl\u00fc\u011f\u00fcn\u00fc de\u011ferlendirebilecek kadar okur olmalar\u0131n\u0131 \u00f6neriyorum. T\u00fcrkiye\u2019de yeteri kadar profesyonel bir edit\u00f6rl\u00fck kurumunun kald\u0131\u011f\u0131na da -\u00fc\u00e7 be\u015f \u015f\u00f6valyeyi d\u0131\u015far\u0131da tutarsak- \u00e7ok inanm\u0131yorum. Umutsuz muyum, hay\u0131r; diri \u00e7i\u00e7ek!<\/p>\n\n\n\n<p>Yasemin Seven ERANG\u0130N<\/p>\n","protected":false},"excerpt":{"rendered":"<p>\u015eairlik ile ba\u015flay\u0131p \u00f6yk\u00fcye avu\u00e7 a\u00e7t\u0131n\u0131z, sonras\u0131 i\u00e7in ne dersiniz? Avu\u00e7 a\u00e7mak do\u011fru bir deyim de\u011fil. Hayat\u0131mda kimseye avu\u00e7 a\u00e7mad\u0131m. Hele bir edebi t\u00fcre avu\u00e7 [&hellip;]<\/p>\n","protected":false},"author":2929,"featured_media":259,"comment_status":"open","ping_status":"closed","sticky":false,"template":"","format":"standard","meta":{"footnotes":""},"categories":[7],"tags":[64,70,69,29,74,66,61,73,75,17,41],"class_list":["post-251","post","type-post","status-publish","format-standard","has-post-thumbnail","hentry","category-roportaj","tag-burroughs","tag-coruh-nehri","tag-diri-cicek","tag-edebiyat","tag-mahal-dergi","tag-orhan-kemal","tag-oyku","tag-roman","tag-roportaj","tag-siir","tag-turgut-uyar"],"_links":{"self":[{"href":"https:\/\/onurcaymaz.com\/index.php\/wp-json\/wp\/v2\/posts\/251","targetHints":{"allow":["GET"]}}],"collection":[{"href":"https:\/\/onurcaymaz.com\/index.php\/wp-json\/wp\/v2\/posts"}],"about":[{"href":"https:\/\/onurcaymaz.com\/index.php\/wp-json\/wp\/v2\/types\/post"}],"author":[{"embeddable":true,"href":"https:\/\/onurcaymaz.com\/index.php\/wp-json\/wp\/v2\/users\/2929"}],"replies":[{"embeddable":true,"href":"https:\/\/onurcaymaz.com\/index.php\/wp-json\/wp\/v2\/comments?post=251"}],"version-history":[{"count":2,"href":"https:\/\/onurcaymaz.com\/index.php\/wp-json\/wp\/v2\/posts\/251\/revisions"}],"predecessor-version":[{"id":260,"href":"https:\/\/onurcaymaz.com\/index.php\/wp-json\/wp\/v2\/posts\/251\/revisions\/260"}],"wp:featuredmedia":[{"embeddable":true,"href":"https:\/\/onurcaymaz.com\/index.php\/wp-json\/wp\/v2\/media\/259"}],"wp:attachment":[{"href":"https:\/\/onurcaymaz.com\/index.php\/wp-json\/wp\/v2\/media?parent=251"}],"wp:term":[{"taxonomy":"category","embeddable":true,"href":"https:\/\/onurcaymaz.com\/index.php\/wp-json\/wp\/v2\/categories?post=251"},{"taxonomy":"post_tag","embeddable":true,"href":"https:\/\/onurcaymaz.com\/index.php\/wp-json\/wp\/v2\/tags?post=251"}],"curies":[{"name":"wp","href":"https:\/\/api.w.org\/{rel}","templated":true}]}}